{"id":3216,"date":"2026-04-24T13:27:26","date_gmt":"2026-04-24T13:27:26","guid":{"rendered":"https:\/\/circulartourismalbania.eu\/?p=3216"},"modified":"2026-04-27T09:10:27","modified_gmt":"2026-04-27T09:10:27","slug":"3216","status":"publish","type":"post","link":"https:\/\/circulartourismalbania.eu\/sq\/3216","title":{"rendered":"Studienreise zum Thema Kreislauf-Tourismus in Deutschland?"},"content":{"rendered":"\t\t<div data-elementor-type=\"wp-post\" data-elementor-id=\"3216\" class=\"elementor elementor-3216 elementor-3210\" data-elementor-post-type=\"post\">\n\t\t\t\t<div class=\"elementor-element elementor-element-ff00164 e-flex e-con-boxed wpr-particle-no wpr-jarallax-no wpr-parallax-no wpr-sticky-section-no wpr-equal-height-no e-con e-parent\" data-id=\"ff00164\" data-element_type=\"container\" data-e-type=\"container\" data-settings=\"{&quot;background_background&quot;:&quot;classic&quot;,&quot;jet_parallax_layout_list&quot;:[]}\">\n\t\t\t\t\t<div class=\"e-con-inner\">\n\t\t\t\t<div class=\"elementor-element elementor-element-8175537 elementor-widget elementor-widget-heading\" data-id=\"8175537\" data-element_type=\"widget\" data-e-type=\"widget\" data-widget_type=\"heading.default\">\n\t\t\t\t<div class=\"elementor-widget-container\">\n\t\t\t\t\t<h2 class=\"elementor-heading-title elementor-size-default\">Studienreise zum Thema Kreislauf-Tourismus in Deutschland?<\/h2>\t\t\t\t<\/div>\n\t\t\t\t<\/div>\n\t\t\t\t\t<\/div>\n\t\t\t\t<\/div>\n\t\t<div class=\"elementor-element elementor-element-956f4fa e-flex e-con-boxed wpr-particle-no wpr-jarallax-no wpr-parallax-no wpr-sticky-section-no wpr-equal-height-no e-con e-parent\" data-id=\"956f4fa\" data-element_type=\"container\" data-e-type=\"container\" data-settings=\"{&quot;jet_parallax_layout_list&quot;:[]}\">\n\t\t\t\t\t<div class=\"e-con-inner\">\n\t\t\t\t<div class=\"elementor-element elementor-element-9115d40 elementor-widget elementor-widget-text-editor\" data-id=\"9115d40\" data-element_type=\"widget\" data-e-type=\"widget\" data-widget_type=\"text-editor.default\">\n\t\t\t\t<div class=\"elementor-widget-container\">\n\t\t\t\t\t\t\t\t\t<p><span style=\"font-weight: 400;\">\u00c7far\u00eb jave e mbushur me aktivitete dhe informacion p\u00ebr projektin ton\u00eb \u201c<\/span><b>Circular Tourism<\/b><span style=\"font-weight: 400;\"> Albania\u201d n\u00eb Erlangen dhe Nuremberg gjat\u00eb vizit\u00ebs studimore n\u00eb Gjermani!<\/span><\/p><p><span style=\"font-weight: 400;\">Dhjet\u00eb pjes\u00ebmarr\u00ebs nga organizatat partnere n\u00eb projekt udh\u00ebtuan nga Shqip\u00ebria p\u00ebr t\u00eb kaluar dy dit\u00eb e gjysm\u00eb duke m\u00ebsuar rreth strategjive t\u00eb q\u00ebndrueshm\u00ebris\u00eb n\u00eb sektorin e turizmit dhe arsimit.<\/span><\/p><p><span style=\"font-weight: 400;\">\u00a0Nj\u00eb program i ngjeshur ofroi nj\u00eb gam\u00eb t\u00eb gjer\u00eb njohurish dhe frym\u00ebzimi p\u00ebr t\u00eb ardhmen e sektorit turistik shqiptar.<\/span><\/p><p><span style=\"font-weight: 400;\">D\u00ebshirojm\u00eb t\u00eb shprehim fal\u00ebnderimet tona t\u00eb sinqerta p\u00ebr:<\/span><\/p><ul><li><span style=\"font-weight: 400;\"> Praktik\u00ebn m\u00eb t\u00eb mir\u00eb Hotel Luise p\u00ebr akomodimin dhe p\u00ebr njohurit\u00eb mbi m\u00ebnyr\u00ebn se si hotelet mund t\u00eb operojn\u00eb n\u00eb m\u00ebnyr\u00eb t\u00eb q\u00ebndrueshme dhe t\u00eb b\u00ebhen <\/span><b>\u201cclimate positive\u201d;<\/b><\/li><\/ul><ul><li><span style=\"font-weight: 400;\"> Janina Baumbauer nga departamenti i mjedisit i Bashkis\u00eb s\u00eb Erlangenit, projekti Zukunftsacker dhe dyqani i ferm\u00ebs Nagelhof p\u00ebr projektet frym\u00ebzuese dhe konceptet edukative;<\/span><\/li><\/ul><ul><li><span style=\"font-weight: 400;\"> Sustainable Greeters Nuremberg\u2014Holger dhe Susanne Honsel, Barbara Gaab dhe Astrid Klier-Marx\u2014p\u00ebr inkurajimin q\u00eb t\u00eb rimendojm\u00eb turet n\u00eb qytet dhe p\u00ebr guid\u00ebn n\u00eb Nuremberg;<\/span><\/li><\/ul><ul><li><span style=\"font-weight: 400;\"> Shkoll\u00ebn profesionale FOSBOS Erlangen, ve\u00e7an\u00ebrisht m\u00ebsuesit Christian Altmann, Nora Lehnerer dhe Carmen Eismann, si dhe nx\u00ebn\u00ebsit e klubit t\u00eb q\u00ebndrueshm\u00ebris\u00eb (Leon Ulbrich, Julia Klesev, Martin Hillebrandt, Marianna Vezroglou dhe Timo Sch\u00f6nw\u00e4lder), p\u00ebr t\u00eb treguar se idet\u00eb e vogla dhe kreative mund t\u00eb sjellin ndryshime t\u00eb m\u00ebdha;<\/span><\/li><\/ul><ul><li><span style=\"font-weight: 400;\"> Dhom\u00ebn e Tregtis\u00eb dhe Industris\u00eb n\u00eb Nuremberg (IHK) dhe Jonas Sassenhausen p\u00ebr njohurit\u00eb mbi parimet e p\u00ebrgjegj\u00ebsis\u00eb sociale t\u00eb q\u00ebndrueshme t\u00eb korporatave dhe pun\u00ebn e Dhom\u00ebs s\u00eb Tregtis\u00eb;<\/span><\/li><\/ul><ul><li><span style=\"font-weight: 400;\"> BUND Reisen dhe Harry Karpp p\u00ebr nj\u00eb shk\u00ebmbim t\u00eb frytsh\u00ebm mbi sfidat dhe mund\u00ebsit\u00eb me t\u00eb cilat p\u00ebrballen operator\u00ebt turistik\u00eb n\u00eb Shqip\u00ebri;<\/span><\/li><\/ul><ul><li><span style=\"font-weight: 400;\"> Romy Ei\u00dfner nga departamenti p\u00ebr mjedisin dhe sh\u00ebndetin i Bashkis\u00eb s\u00eb Nurembergut p\u00ebr njohuri t\u00eb detajuara mbi strategjit\u00eb p\u00ebr p\u00ebrballimin e ndryshimeve klimatike dhe rrug\u00ebn drejt nj\u00eb qyteti \u201cFairtrade\u201d;<\/span><\/li><\/ul><ul><li><span style=\"font-weight: 400;\"> Annika Brendel dhe Tanya Rubenbauer nga Rrjeti i Q\u00ebndruesh\u00ebm i CTZ Nuremberg p\u00ebr prezantimin e konceptit dhe pun\u00ebs s\u00eb tyre.<\/span><\/li><\/ul><p><span style=\"font-weight: 400;\">Pa mb\u00ebshtetjen bujare t\u00eb k\u00ebtyre partner\u00ebve lokal\u00eb, ky udh\u00ebtim nuk do t\u00eb ishte i mundur!<\/span><\/p><p><span style=\"font-weight: 400;\">Ky udh\u00ebtim studimor ishte pjes\u00eb e programit p\u00ebr nd\u00ebrtimin e kapaciteteve t\u00eb projektit ton\u00eb <\/span><b>Erasmus+<\/b><span style=\"font-weight: 400;\">.\u00a0<\/span><\/p><p><span style=\"font-weight: 400;\">Nj\u00eb grup tjet\u00ebr do t\u00eb udh\u00ebtoj\u00eb n\u00eb Franc\u00eb pas disa dit\u00ebsh dhe nj\u00eb trajnim nj\u00ebjavor \u00ebsht\u00eb planifikuar p\u00ebr vitin e ardhsh\u00ebm n\u00eb Spanj\u00eb.<\/span><\/p><p><span style=\"font-weight: 400;\">\u00a0Pjes\u00ebmarr\u00ebsit vijn\u00eb nga partner\u00ebt e projektit <\/span><b>AULEDA,<\/b> <b>Dhoma e Tregtis\u00eb n\u00eb Tiran\u00eb,<\/b> <b>shkollat profesionale n\u00eb Vlor\u00eb, Elbasan dhe Sarand\u00eb<\/b><span style=\"font-weight: 400;\">, si dhe nga SME-t\u00eb shqiptare.<\/span><\/p>\t\t\t\t\t\t\t\t<\/div>\n\t\t\t\t<\/div>\n\t\t\t\t<div class=\"elementor-element elementor-element-043ade2 elementor-widget elementor-widget-image\" data-id=\"043ade2\" data-element_type=\"widget\" data-e-type=\"widget\" data-widget_type=\"image.default\">\n\t\t\t\t<div class=\"elementor-widget-container\">\n\t\t\t\t\t\t\t\t\t\t\t\t\t\t\t<img fetchpriority=\"high\" decoding=\"async\" width=\"1080\" height=\"1350\" src=\"https:\/\/circulartourismalbania.eu\/wp-content\/uploads\/2026\/04\/AL_BLOG-ENTRY-10.png\" class=\"attachment-full size-full wp-image-3214\" alt=\"\" srcset=\"https:\/\/circulartourismalbania.eu\/wp-content\/uploads\/2026\/04\/AL_BLOG-ENTRY-10.png 1080w, https:\/\/circulartourismalbania.eu\/wp-content\/uploads\/2026\/04\/AL_BLOG-ENTRY-10-240x300.png 240w, https:\/\/circulartourismalbania.eu\/wp-content\/uploads\/2026\/04\/AL_BLOG-ENTRY-10-819x1024.png 819w, https:\/\/circulartourismalbania.eu\/wp-content\/uploads\/2026\/04\/AL_BLOG-ENTRY-10-768x960.png 768w\" sizes=\"(max-width: 1080px) 100vw, 1080px\" \/>\t\t\t\t\t\t\t\t\t\t\t\t\t\t\t<\/div>\n\t\t\t\t<\/div>\n\t\t\t\t\t<\/div>\n\t\t\t\t<\/div>\n\t\t\t\t<\/div>\n\t\t","protected":false},"excerpt":{"rendered":"<p>\u00c7far\u00eb jave e mbushur me aktivitete dhe informacion p\u00ebr projektin ton\u00eb \u201cCircular Tourism Albania\u201d n\u00eb Erlangen dhe Nuremberg gjat\u00eb vizit\u00ebs studimore n\u00eb Gjermani! Dhjet\u00eb pjes\u00ebmarr\u00ebs nga organizatat partnere n\u00eb projekt udh\u00ebtuan nga Shqip\u00ebria p\u00ebr t\u00eb kaluar dy dit\u00eb e gjysm\u00eb duke m\u00ebsuar rreth strategjive t\u00eb q\u00ebndrueshm\u00ebris\u00eb n\u00eb sektorin e turizmit dhe arsimit. Nj\u00eb program i ngjeshur ofroi nj\u00eb gam\u00eb t\u00eb gjer\u00eb njohurish dhe frym\u00ebzimi p\u00ebr t\u00eb ardhmen e sektorit turistik shqiptar. D\u00ebshirojm\u00eb t\u00eb shprehim fal\u00ebnderimet tona t\u00eb sinqerta p\u00ebr: Praktik\u00ebn m\u00eb t\u00eb mir\u00eb Hotel Luise p\u00ebr akomodimin dhe p\u00ebr njohurit\u00eb mbi m\u00ebnyr\u00ebn se si hotelet mund t\u00eb operojn\u00eb n\u00eb m\u00ebnyr\u00eb t\u00eb q\u00ebndrueshme dhe t\u00eb b\u00ebhen \u201cclimate positive\u201d; Janina Baumbauer nga departamenti i mjedisit i Bashkis\u00eb s\u00eb Erlangenit, projekti Zukunftsacker dhe dyqani i ferm\u00ebs Nagelhof p\u00ebr projektet frym\u00ebzuese dhe konceptet edukative; Sustainable Greeters Nuremberg\u2014Holger dhe Susanne Honsel, Barbara Gaab dhe Astrid Klier-Marx\u2014p\u00ebr inkurajimin q\u00eb t\u00eb rimendojm\u00eb turet n\u00eb qytet dhe p\u00ebr guid\u00ebn n\u00eb Nuremberg; Shkoll\u00ebn profesionale FOSBOS Erlangen, ve\u00e7an\u00ebrisht m\u00ebsuesit Christian Altmann, Nora Lehnerer dhe Carmen Eismann, si dhe nx\u00ebn\u00ebsit e klubit t\u00eb q\u00ebndrueshm\u00ebris\u00eb (Leon Ulbrich, Julia Klesev, Martin Hillebrandt, Marianna Vezroglou dhe Timo Sch\u00f6nw\u00e4lder), p\u00ebr t\u00eb treguar se idet\u00eb e vogla dhe kreative mund t\u00eb sjellin ndryshime t\u00eb m\u00ebdha; Dhom\u00ebn e Tregtis\u00eb dhe Industris\u00eb n\u00eb Nuremberg (IHK) dhe Jonas Sassenhausen p\u00ebr njohurit\u00eb mbi parimet e p\u00ebrgjegj\u00ebsis\u00eb sociale t\u00eb q\u00ebndrueshme t\u00eb korporatave dhe pun\u00ebn e Dhom\u00ebs s\u00eb Tregtis\u00eb; BUND Reisen dhe Harry Karpp p\u00ebr nj\u00eb shk\u00ebmbim t\u00eb frytsh\u00ebm mbi sfidat dhe mund\u00ebsit\u00eb me t\u00eb cilat p\u00ebrballen operator\u00ebt turistik\u00eb n\u00eb Shqip\u00ebri; Romy Ei\u00dfner nga departamenti p\u00ebr mjedisin dhe sh\u00ebndetin i Bashkis\u00eb s\u00eb Nurembergut p\u00ebr njohuri t\u00eb detajuara mbi strategjit\u00eb p\u00ebr p\u00ebrballimin e ndryshimeve klimatike dhe rrug\u00ebn drejt nj\u00eb qyteti \u201cFairtrade\u201d; Annika Brendel dhe Tanya Rubenbauer nga Rrjeti i Q\u00ebndruesh\u00ebm i CTZ Nuremberg p\u00ebr prezantimin e konceptit dhe pun\u00ebs s\u00eb tyre. Pa mb\u00ebshtetjen bujare t\u00eb k\u00ebtyre partner\u00ebve lokal\u00eb, ky udh\u00ebtim nuk do t\u00eb ishte i mundur! Ky udh\u00ebtim studimor ishte pjes\u00eb e programit p\u00ebr nd\u00ebrtimin e kapaciteteve t\u00eb projektit ton\u00eb Erasmus+. Nj\u00eb grup tjet\u00ebr do t\u00eb udh\u00ebtoj\u00eb n\u00eb Franc\u00eb pas disa dit\u00ebsh dhe nj\u00eb trajnim nj\u00ebjavor \u00ebsht\u00eb planifikuar p\u00ebr vitin e ardhsh\u00ebm n\u00eb Spanj\u00eb. Pjes\u00ebmarr\u00ebsit vijn\u00eb nga partner\u00ebt e projektit AULEDA, Dhoma e Tregtis\u00eb n\u00eb Tiran\u00eb, shkollat profesionale n\u00eb Vlor\u00eb, Elbasan dhe Sarand\u00eb, si dhe nga SME-t\u00eb shqiptare.<\/p>\n","protected":false},"author":1,"featured_media":3214,"comment_status":"open","ping_status":"open","sticky":false,"template":"","format":"standard","meta":{"_monsterinsights_skip_tracking":false,"_monsterinsights_sitenote_active":false,"_monsterinsights_sitenote_note":"","_monsterinsights_sitenote_category":0,"site-sidebar-layout":"no-sidebar","site-content-layout":"","ast-site-content-layout":"full-width-container","site-content-style":"default","site-sidebar-style":"unboxed","ast-global-header-display":"","ast-banner-title-visibility":"","ast-main-header-display":"","ast-hfb-above-header-display":"","ast-hfb-below-header-display":"","ast-hfb-mobile-header-display":"","site-post-title":"","ast-breadcrumbs-content":"","ast-featured-img":"","footer-sml-layout":"","ast-disable-related-posts":"","theme-transparent-header-meta":"default","adv-header-id-meta":"","stick-header-meta":"","header-above-stick-meta":"","header-main-stick-meta":"","header-below-stick-meta":"","astra-migrate-meta-layouts":"set","ast-page-background-enabled":"default","ast-page-background-meta":{"desktop":{"background-color":"var(--ast-global-color-5)","background-image":"","background-repeat":"repeat","background-position":"center center","background-size":"auto","background-attachment":"scroll","background-type":"","background-media":"","overlay-type":"","overlay-color":"","overlay-opacity":"","overlay-gradient":""},"tablet":{"background-color":"","background-image":"","background-repeat":"repeat","background-position":"center center","background-size":"auto","background-attachment":"scroll","background-type":"","background-media":"","overlay-type":"","overlay-color":"","overlay-opacity":"","overlay-gradient":""},"mobile":{"background-color":"","background-image":"","background-repeat":"repeat","background-position":"center center","background-size":"auto","background-attachment":"scroll","background-type":"","background-media":"","overlay-type":"","overlay-color":"","overlay-opacity":"","overlay-gradient":""}},"ast-content-background-meta":{"desktop":{"background-color":"var(--ast-global-color-4)","background-image":"","background-repeat":"repeat","background-position":"center center","background-size":"auto","background-attachment":"scroll","background-type":"","background-media":"","overlay-type":"","overlay-color":"","overlay-opacity":"","overlay-gradient":""},"tablet":{"background-color":"var(--ast-global-color-4)","background-image":"","background-repeat":"repeat","background-position":"center center","background-size":"auto","background-attachment":"scroll","background-type":"","background-media":"","overlay-type":"","overlay-color":"","overlay-opacity":"","overlay-gradient":""},"mobile":{"background-color":"var(--ast-global-color-4)","background-image":"","background-repeat":"repeat","background-position":"center center","background-size":"auto","background-attachment":"scroll","background-type":"","background-media":"","overlay-type":"","overlay-color":"","overlay-opacity":"","overlay-gradient":""}},"footnotes":""},"categories":[6],"tags":[],"class_list":["post-3216","post","type-post","status-publish","format-standard","has-post-thumbnail","hentry","category-uncategorized-sq"],"_links":{"self":[{"href":"https:\/\/circulartourismalbania.eu\/sq\/wp-json\/wp\/v2\/posts\/3216","targetHints":{"allow":["GET"]}}],"collection":[{"href":"https:\/\/circulartourismalbania.eu\/sq\/wp-json\/wp\/v2\/posts"}],"about":[{"href":"https:\/\/circulartourismalbania.eu\/sq\/wp-json\/wp\/v2\/types\/post"}],"author":[{"embeddable":true,"href":"https:\/\/circulartourismalbania.eu\/sq\/wp-json\/wp\/v2\/users\/1"}],"replies":[{"embeddable":true,"href":"https:\/\/circulartourismalbania.eu\/sq\/wp-json\/wp\/v2\/comments?post=3216"}],"version-history":[{"count":15,"href":"https:\/\/circulartourismalbania.eu\/sq\/wp-json\/wp\/v2\/posts\/3216\/revisions"}],"predecessor-version":[{"id":3252,"href":"https:\/\/circulartourismalbania.eu\/sq\/wp-json\/wp\/v2\/posts\/3216\/revisions\/3252"}],"wp:featuredmedia":[{"embeddable":true,"href":"https:\/\/circulartourismalbania.eu\/sq\/wp-json\/wp\/v2\/media\/3214"}],"wp:attachment":[{"href":"https:\/\/circulartourismalbania.eu\/sq\/wp-json\/wp\/v2\/media?parent=3216"}],"wp:term":[{"taxonomy":"category","embeddable":true,"href":"https:\/\/circulartourismalbania.eu\/sq\/wp-json\/wp\/v2\/categories?post=3216"},{"taxonomy":"post_tag","embeddable":true,"href":"https:\/\/circulartourismalbania.eu\/sq\/wp-json\/wp\/v2\/tags?post=3216"}],"curies":[{"name":"wp","href":"https:\/\/api.w.org\/{rel}","templated":true}]}}